{"id":2038,"date":"2023-05-31T13:49:39","date_gmt":"2023-05-31T19:49:39","guid":{"rendered":"https:\/\/www.itesloscabos.edu.mx\/inicio\/?p=2038"},"modified":"2023-05-31T13:51:25","modified_gmt":"2023-05-31T19:51:25","slug":"estudiantes-de-ites-los-cabos-presentan-innovadores-proyectos-en-el-evento-ser-pro-2023","status":"publish","type":"post","link":"https:\/\/www.itesloscabos.edu.mx\/inicio\/estudiantes-de-ites-los-cabos-presentan-innovadores-proyectos-en-el-evento-ser-pro-2023\/","title":{"rendered":"Estudiantes de ITES Los Cabos presentan innovadores proyectos en el evento SER-PRO 2023"},"content":{"rendered":"<h3 style=\"text-align: center;\"><strong>Estudiantes de ITES Los Cabos presentan innovadores proyectos en el evento SER-PRO 2023<\/strong><\/h3>\n<p style=\"text-align: center;\">30 de mayo de 2023<\/p>\n<p style=\"text-align: center;\">En una emocionante jornada, el martes 30 de mayo se llev\u00f3 a cabo el evento SER-PRO 2023 en el marco de la asignatura Innovaci\u00f3n Tecnol\u00f3gica II, en el Instituto Tecnol\u00f3gico de Estudios Superiores de Los Cabos (ITES Los Cabos). Estudiantes de la carrera de Ingenier\u00eda en Administraci\u00f3n, tanto en modalidades mixtas como presenciales, se unieron a un equipo colaborativo de la carrera de Arquitectura para presentar un total de 11 proyectos innovadores.<\/p>\n<p style=\"text-align: center;\">El maestro Mauricio Daniel Godoy Rodr\u00edguez, titular de la materia Innovaci\u00f3n Tecnol\u00f3gica II, fue el encargado de la log\u00edstica del evento, as\u00ed como de supervisar los proyectos presentados. El evento destac\u00f3 por ser una plataforma que foment\u00f3 la creatividad, el trabajo en equipo y el esp\u00edritu emprendedor de los estudiantes.<\/p>\n<p style=\"text-align: center;\">Dentro del marco del evento SER-PRO 2023, se organiz\u00f3 un foro de egresados de la carrera de Ingenier\u00eda en Administraci\u00f3n, quienes compartieron sus experiencias en el campo laboral y como emprendedores. Tanto los alumnos del ITES Los Cabos como del CECYT 05 estuvieron atentos a las pl\u00e1ticas inspiradoras y enriquecedoras brindadas por los egresados. Estas charlas proporcionaron una visi\u00f3n realista de las oportunidades y desaf\u00edos que enfrentan los profesionales en el campo de la administraci\u00f3n.<\/p>\n<p style=\"text-align: center;\">Posteriormente, para finalizar el evento, se presentaron los proyectos de los estudiantes de Ingenier\u00eda en Administraci\u00f3n del ITES Los Cabos, los cuales hab\u00edan sido presentados en el concurso Hackathon 2023. Estas iniciativas destacaron por su innovaci\u00f3n, creatividad y aplicabilidad en el \u00e1mbito empresarial. Los alumnos demostraron su capacidad para desarrollar soluciones tecnol\u00f3gicas y estrat\u00e9gicas en un entorno altamente competitivo.<\/p>\n<p style=\"text-align: center;\">El evento SER-PRO 2023 en el ITES Los Cabos se consolid\u00f3 como una plataforma valiosa para promover el esp\u00edritu emprendedor, la innovaci\u00f3n y el intercambio de conocimientos entre los estudiantes. La participaci\u00f3n activa de los estudiantes de Ingenier\u00eda en Administraci\u00f3n, as\u00ed como del equipo de Arquitectura, evidenci\u00f3 la importancia de la colaboraci\u00f3n interdisciplinaria en la creaci\u00f3n de soluciones y proyectos disruptivos.<\/p>\n<p style=\"text-align: center;\">El maestro Mauricio Daniel Godoy Rodr\u00edguez expres\u00f3 su satisfacci\u00f3n por el \u00e9xito del evento SER-PRO 2023 y el alto nivel de los proyectos presentados. \u00abEste evento es un reflejo del compromiso y la pasi\u00f3n de nuestros estudiantes por la innovaci\u00f3n tecnol\u00f3gica y el emprendimiento. Estoy orgulloso de su dedicaci\u00f3n y creatividad, y estoy seguro de que estos proyectos tendr\u00e1n un impacto significativo en el campo profesional\u00bb, afirm\u00f3.<\/p>\n<p style=\"text-align: center;\">El evento SER-PRO 2023 demostr\u00f3 una vez m\u00e1s el compromiso del ITES Los Cabos por brindar a sus estudiantes una educaci\u00f3n integral, que promueva el desarrollo de habilidades t\u00e9cnicas y empresariales. Con proyectos inspiradores y un enfoque en la innovaci\u00f3n, el evento dej\u00f3 una huella duradera en la comunidad estudiantil, impuls\u00e1ndolos a seguir explorando nuevas fronteras en el mundo de la tecnolog\u00eda #s\u00e9ites #OrgulloTeCNM<\/p>\n<p><img loading=\"lazy\" decoding=\"async\" class=\"alignnone size-medium wp-image-2039\" src=\"https:\/\/www.itesloscabos.edu.mx\/wp-content\/uploads\/2023\/05\/pro1-300x247.png\" alt=\"\" width=\"300\" height=\"247\" srcset=\"https:\/\/www.itesloscabos.edu.mx\/wp-content\/uploads\/2023\/05\/pro1-300x247.png 300w, https:\/\/www.itesloscabos.edu.mx\/wp-content\/uploads\/2023\/05\/pro1-1024x843.png 1024w, https:\/\/www.itesloscabos.edu.mx\/wp-content\/uploads\/2023\/05\/pro1-768x632.png 768w, https:\/\/www.itesloscabos.edu.mx\/wp-content\/uploads\/2023\/05\/pro1.png 1201w\" sizes=\"auto, (max-width: 300px) 100vw, 300px\" \/> <img loading=\"lazy\" decoding=\"async\" class=\"alignnone size-medium wp-image-2040\" src=\"https:\/\/www.itesloscabos.edu.mx\/wp-content\/uploads\/2023\/05\/pro3-300x222.png\" alt=\"\" width=\"300\" height=\"222\" srcset=\"https:\/\/www.itesloscabos.edu.mx\/wp-content\/uploads\/2023\/05\/pro3-300x222.png 300w, https:\/\/www.itesloscabos.edu.mx\/wp-content\/uploads\/2023\/05\/pro3-1024x759.png 1024w, https:\/\/www.itesloscabos.edu.mx\/wp-content\/uploads\/2023\/05\/pro3-768x569.png 768w, https:\/\/www.itesloscabos.edu.mx\/wp-content\/uploads\/2023\/05\/pro3.png 1201w\" sizes=\"auto, (max-width: 300px) 100vw, 300px\" \/> <img loading=\"lazy\" decoding=\"async\" class=\"alignnone size-medium wp-image-2041\" src=\"https:\/\/www.itesloscabos.edu.mx\/wp-content\/uploads\/2023\/05\/pro4-300x226.png\" alt=\"\" width=\"300\" height=\"226\" srcset=\"https:\/\/www.itesloscabos.edu.mx\/wp-content\/uploads\/2023\/05\/pro4-300x226.png 300w, https:\/\/www.itesloscabos.edu.mx\/wp-content\/uploads\/2023\/05\/pro4-1024x771.png 1024w, https:\/\/www.itesloscabos.edu.mx\/wp-content\/uploads\/2023\/05\/pro4-768x578.png 768w, https:\/\/www.itesloscabos.edu.mx\/wp-content\/uploads\/2023\/05\/pro4.png 1201w\" sizes=\"auto, (max-width: 300px) 100vw, 300px\" \/> <img loading=\"lazy\" decoding=\"async\" class=\"alignnone size-medium wp-image-2042\" src=\"https:\/\/www.itesloscabos.edu.mx\/wp-content\/uploads\/2023\/05\/pro5-300x191.png\" alt=\"\" width=\"300\" height=\"191\" srcset=\"https:\/\/www.itesloscabos.edu.mx\/wp-content\/uploads\/2023\/05\/pro5-300x191.png 300w, https:\/\/www.itesloscabos.edu.mx\/wp-content\/uploads\/2023\/05\/pro5-1024x651.png 1024w, https:\/\/www.itesloscabos.edu.mx\/wp-content\/uploads\/2023\/05\/pro5-768x489.png 768w, https:\/\/www.itesloscabos.edu.mx\/wp-content\/uploads\/2023\/05\/pro5.png 1201w\" sizes=\"auto, (max-width: 300px) 100vw, 300px\" \/> <img loading=\"lazy\" decoding=\"async\" class=\"alignnone size-medium wp-image-2043\" src=\"https:\/\/www.itesloscabos.edu.mx\/wp-content\/uploads\/2023\/05\/pro6-300x191.png\" alt=\"\" width=\"300\" height=\"191\" srcset=\"https:\/\/www.itesloscabos.edu.mx\/wp-content\/uploads\/2023\/05\/pro6-300x191.png 300w, https:\/\/www.itesloscabos.edu.mx\/wp-content\/uploads\/2023\/05\/pro6-1024x651.png 1024w, https:\/\/www.itesloscabos.edu.mx\/wp-content\/uploads\/2023\/05\/pro6-768x489.png 768w, https:\/\/www.itesloscabos.edu.mx\/wp-content\/uploads\/2023\/05\/pro6.png 1201w\" sizes=\"auto, (max-width: 300px) 100vw, 300px\" \/> <img loading=\"lazy\" decoding=\"async\" class=\"alignnone size-medium wp-image-2044\" src=\"https:\/\/www.itesloscabos.edu.mx\/wp-content\/uploads\/2023\/05\/pro7-300x205.png\" alt=\"\" width=\"300\" height=\"205\" srcset=\"https:\/\/www.itesloscabos.edu.mx\/wp-content\/uploads\/2023\/05\/pro7-300x205.png 300w, https:\/\/www.itesloscabos.edu.mx\/wp-content\/uploads\/2023\/05\/pro7-1024x700.png 1024w, https:\/\/www.itesloscabos.edu.mx\/wp-content\/uploads\/2023\/05\/pro7-768x525.png 768w, https:\/\/www.itesloscabos.edu.mx\/wp-content\/uploads\/2023\/05\/pro7.png 1201w\" sizes=\"auto, (max-width: 300px) 100vw, 300px\" \/> <img loading=\"lazy\" decoding=\"async\" class=\"alignnone size-medium wp-image-2045\" src=\"https:\/\/www.itesloscabos.edu.mx\/wp-content\/uploads\/2023\/05\/pro8-300x191.png\" alt=\"\" width=\"300\" height=\"191\" srcset=\"https:\/\/www.itesloscabos.edu.mx\/wp-content\/uploads\/2023\/05\/pro8-300x191.png 300w, https:\/\/www.itesloscabos.edu.mx\/wp-content\/uploads\/2023\/05\/pro8-1024x651.png 1024w, https:\/\/www.itesloscabos.edu.mx\/wp-content\/uploads\/2023\/05\/pro8-768x489.png 768w, https:\/\/www.itesloscabos.edu.mx\/wp-content\/uploads\/2023\/05\/pro8.png 1201w\" sizes=\"auto, (max-width: 300px) 100vw, 300px\" \/> <img loading=\"lazy\" decoding=\"async\" class=\"alignnone size-medium wp-image-2046\" src=\"https:\/\/www.itesloscabos.edu.mx\/wp-content\/uploads\/2023\/05\/pro9-300x191.png\" alt=\"\" width=\"300\" height=\"191\" srcset=\"https:\/\/www.itesloscabos.edu.mx\/wp-content\/uploads\/2023\/05\/pro9-300x191.png 300w, https:\/\/www.itesloscabos.edu.mx\/wp-content\/uploads\/2023\/05\/pro9-1024x652.png 1024w, https:\/\/www.itesloscabos.edu.mx\/wp-content\/uploads\/2023\/05\/pro9-768x489.png 768w, https:\/\/www.itesloscabos.edu.mx\/wp-content\/uploads\/2023\/05\/pro9.png 1203w\" sizes=\"auto, (max-width: 300px) 100vw, 300px\" \/><\/p>\n","protected":false},"excerpt":{"rendered":"<p>Estudiantes de ITES Los Cabos presentan innovadores proyectos en el evento SER-PRO 2023 30 de mayo de 2023 En una emocionante jornada, el martes 30 de mayo se llev\u00f3 a cabo el evento SER-PRO 2023 en el marco de la asignatura Innovaci\u00f3n Tecnol\u00f3gica II, en el Instituto Tecnol\u00f3gico de Estudios Superiores de Los Cabos (ITES &hellip;<\/p>\n<p class=\"read-more\"> <a class=\"\" href=\"https:\/\/www.itesloscabos.edu.mx\/inicio\/estudiantes-de-ites-los-cabos-presentan-innovadores-proyectos-en-el-evento-ser-pro-2023\/\"> <span class=\"screen-reader-text\">Estudiantes de ITES Los Cabos presentan innovadores proyectos en el evento SER-PRO 2023<\/span> Leer m\u00e1s &raquo;<\/a><\/p>\n","protected":false},"author":1,"featured_media":2040,"comment_status":"open","ping_status":"open","sticky":false,"template":"","format":"standard","meta":{"om_disable_all_campaigns":false,"_monsterinsights_skip_tracking":false,"_monsterinsights_sitenote_active":false,"_monsterinsights_sitenote_note":"","_monsterinsights_sitenote_category":0,"_uf_show_specific_survey":0,"_uf_disable_surveys":false,"site-sidebar-layout":"default","site-content-layout":"default","ast-main-header-display":"","ast-hfb-above-header-display":"","ast-hfb-below-header-display":"","ast-hfb-mobile-header-display":"","site-post-title":"","ast-breadcrumbs-content":"","ast-featured-img":"","footer-sml-layout":"","theme-transparent-header-meta":"default","adv-header-id-meta":"","stick-header-meta":"","header-above-stick-meta":"","header-main-stick-meta":"","header-below-stick-meta":"","footnotes":""},"categories":[1],"tags":[],"class_list":["post-2038","post","type-post","status-publish","format-standard","has-post-thumbnail","hentry","category-blog"],"aioseo_notices":[],"yoast_head":"<!-- This site is optimized with the Yoast SEO plugin v27.2 - https:\/\/yoast.com\/product\/yoast-seo-wordpress\/ -->\n<title>Estudiantes de ITES Los Cabos presentan innovadores proyectos en el evento SER-PRO 2023 - ITES<\/title>\n<meta name=\"robots\" content=\"index, follow, max-snippet:-1, max-image-preview:large, max-video-preview:-1\" \/>\n<link rel=\"canonical\" href=\"https:\/\/www.itesloscabos.edu.mx\/inicio\/estudiantes-de-ites-los-cabos-presentan-innovadores-proyectos-en-el-evento-ser-pro-2023\/\" \/>\n<meta property=\"og:locale\" content=\"es_ES\" \/>\n<meta property=\"og:type\" content=\"article\" \/>\n<meta property=\"og:title\" content=\"Estudiantes de ITES Los Cabos presentan innovadores proyectos en el evento SER-PRO 2023 - ITES\" \/>\n<meta property=\"og:description\" content=\"Estudiantes de ITES Los Cabos presentan innovadores proyectos en el evento SER-PRO 2023 30 de mayo de 2023 En una emocionante jornada, el martes 30 de mayo se llev\u00f3 a cabo el evento SER-PRO 2023 en el marco de la asignatura Innovaci\u00f3n Tecnol\u00f3gica II, en el Instituto Tecnol\u00f3gico de Estudios Superiores de Los Cabos (ITES &hellip; Estudiantes de ITES Los Cabos presentan innovadores proyectos en el evento SER-PRO 2023 Leer m\u00e1s &raquo;\" \/>\n<meta property=\"og:url\" content=\"https:\/\/www.itesloscabos.edu.mx\/inicio\/estudiantes-de-ites-los-cabos-presentan-innovadores-proyectos-en-el-evento-ser-pro-2023\/\" \/>\n<meta property=\"og:site_name\" content=\"ITES\" \/>\n<meta property=\"article:published_time\" content=\"2023-05-31T19:49:39+00:00\" \/>\n<meta property=\"article:modified_time\" content=\"2023-05-31T19:51:25+00:00\" \/>\n<meta property=\"og:image\" content=\"https:\/\/www.itesloscabos.edu.mx\/wp-content\/uploads\/2023\/05\/pro3.png\" \/>\n\t<meta property=\"og:image:width\" content=\"1201\" \/>\n\t<meta property=\"og:image:height\" content=\"890\" \/>\n\t<meta property=\"og:image:type\" content=\"image\/png\" \/>\n<meta name=\"author\" content=\"admin\" \/>\n<meta name=\"twitter:card\" content=\"summary_large_image\" \/>\n<meta name=\"twitter:label1\" content=\"Escrito por\" \/>\n\t<meta name=\"twitter:data1\" content=\"admin\" \/>\n\t<meta name=\"twitter:label2\" content=\"Tiempo de lectura\" \/>\n\t<meta name=\"twitter:data2\" content=\"2 minutos\" \/>\n<script type=\"application\/ld+json\" class=\"yoast-schema-graph\">{\"@context\":\"https:\/\/schema.org\",\"@graph\":[{\"@type\":\"Article\",\"@id\":\"https:\/\/www.itesloscabos.edu.mx\/inicio\/estudiantes-de-ites-los-cabos-presentan-innovadores-proyectos-en-el-evento-ser-pro-2023\/#article\",\"isPartOf\":{\"@id\":\"https:\/\/www.itesloscabos.edu.mx\/inicio\/estudiantes-de-ites-los-cabos-presentan-innovadores-proyectos-en-el-evento-ser-pro-2023\/\"},\"author\":{\"name\":\"admin\",\"@id\":\"https:\/\/www.itesloscabos.edu.mx\/inicio\/#\/schema\/person\/f4303f2fe1ea32120eff74cc146e135f\"},\"headline\":\"Estudiantes de ITES Los Cabos presentan innovadores proyectos en el evento SER-PRO 2023\",\"datePublished\":\"2023-05-31T19:49:39+00:00\",\"dateModified\":\"2023-05-31T19:51:25+00:00\",\"mainEntityOfPage\":{\"@id\":\"https:\/\/www.itesloscabos.edu.mx\/inicio\/estudiantes-de-ites-los-cabos-presentan-innovadores-proyectos-en-el-evento-ser-pro-2023\/\"},\"wordCount\":509,\"commentCount\":0,\"image\":{\"@id\":\"https:\/\/www.itesloscabos.edu.mx\/inicio\/estudiantes-de-ites-los-cabos-presentan-innovadores-proyectos-en-el-evento-ser-pro-2023\/#primaryimage\"},\"thumbnailUrl\":\"https:\/\/www.itesloscabos.edu.mx\/wp-content\/uploads\/2023\/05\/pro3.png\",\"articleSection\":[\"Blog\"],\"inLanguage\":\"es\",\"potentialAction\":[{\"@type\":\"CommentAction\",\"name\":\"Comment\",\"target\":[\"https:\/\/www.itesloscabos.edu.mx\/inicio\/estudiantes-de-ites-los-cabos-presentan-innovadores-proyectos-en-el-evento-ser-pro-2023\/#respond\"]}]},{\"@type\":\"WebPage\",\"@id\":\"https:\/\/www.itesloscabos.edu.mx\/inicio\/estudiantes-de-ites-los-cabos-presentan-innovadores-proyectos-en-el-evento-ser-pro-2023\/\",\"url\":\"https:\/\/www.itesloscabos.edu.mx\/inicio\/estudiantes-de-ites-los-cabos-presentan-innovadores-proyectos-en-el-evento-ser-pro-2023\/\",\"name\":\"Estudiantes de ITES Los Cabos presentan innovadores proyectos en el evento SER-PRO 2023 - ITES\",\"isPartOf\":{\"@id\":\"https:\/\/www.itesloscabos.edu.mx\/inicio\/#website\"},\"primaryImageOfPage\":{\"@id\":\"https:\/\/www.itesloscabos.edu.mx\/inicio\/estudiantes-de-ites-los-cabos-presentan-innovadores-proyectos-en-el-evento-ser-pro-2023\/#primaryimage\"},\"image\":{\"@id\":\"https:\/\/www.itesloscabos.edu.mx\/inicio\/estudiantes-de-ites-los-cabos-presentan-innovadores-proyectos-en-el-evento-ser-pro-2023\/#primaryimage\"},\"thumbnailUrl\":\"https:\/\/www.itesloscabos.edu.mx\/wp-content\/uploads\/2023\/05\/pro3.png\",\"datePublished\":\"2023-05-31T19:49:39+00:00\",\"dateModified\":\"2023-05-31T19:51:25+00:00\",\"author\":{\"@id\":\"https:\/\/www.itesloscabos.edu.mx\/inicio\/#\/schema\/person\/f4303f2fe1ea32120eff74cc146e135f\"},\"breadcrumb\":{\"@id\":\"https:\/\/www.itesloscabos.edu.mx\/inicio\/estudiantes-de-ites-los-cabos-presentan-innovadores-proyectos-en-el-evento-ser-pro-2023\/#breadcrumb\"},\"inLanguage\":\"es\",\"potentialAction\":[{\"@type\":\"ReadAction\",\"target\":[\"https:\/\/www.itesloscabos.edu.mx\/inicio\/estudiantes-de-ites-los-cabos-presentan-innovadores-proyectos-en-el-evento-ser-pro-2023\/\"]}]},{\"@type\":\"ImageObject\",\"inLanguage\":\"es\",\"@id\":\"https:\/\/www.itesloscabos.edu.mx\/inicio\/estudiantes-de-ites-los-cabos-presentan-innovadores-proyectos-en-el-evento-ser-pro-2023\/#primaryimage\",\"url\":\"https:\/\/www.itesloscabos.edu.mx\/wp-content\/uploads\/2023\/05\/pro3.png\",\"contentUrl\":\"https:\/\/www.itesloscabos.edu.mx\/wp-content\/uploads\/2023\/05\/pro3.png\",\"width\":1201,\"height\":890},{\"@type\":\"BreadcrumbList\",\"@id\":\"https:\/\/www.itesloscabos.edu.mx\/inicio\/estudiantes-de-ites-los-cabos-presentan-innovadores-proyectos-en-el-evento-ser-pro-2023\/#breadcrumb\",\"itemListElement\":[{\"@type\":\"ListItem\",\"position\":1,\"name\":\"Portada\",\"item\":\"https:\/\/www.itesloscabos.edu.mx\/inicio\/\"},{\"@type\":\"ListItem\",\"position\":2,\"name\":\"Estudiantes de ITES Los Cabos presentan innovadores proyectos en el evento SER-PRO 2023\"}]},{\"@type\":\"WebSite\",\"@id\":\"https:\/\/www.itesloscabos.edu.mx\/inicio\/#website\",\"url\":\"https:\/\/www.itesloscabos.edu.mx\/inicio\/\",\"name\":\"ITES\",\"description\":\"Los Cabos\",\"potentialAction\":[{\"@type\":\"SearchAction\",\"target\":{\"@type\":\"EntryPoint\",\"urlTemplate\":\"https:\/\/www.itesloscabos.edu.mx\/inicio\/?s={search_term_string}\"},\"query-input\":{\"@type\":\"PropertyValueSpecification\",\"valueRequired\":true,\"valueName\":\"search_term_string\"}}],\"inLanguage\":\"es\"},{\"@type\":\"Person\",\"@id\":\"https:\/\/www.itesloscabos.edu.mx\/inicio\/#\/schema\/person\/f4303f2fe1ea32120eff74cc146e135f\",\"name\":\"admin\",\"image\":{\"@type\":\"ImageObject\",\"inLanguage\":\"es\",\"@id\":\"https:\/\/secure.gravatar.com\/avatar\/8ee75523f7481ef61496647441687d71f6c5aa991561b74c6fa88197084df38b?s=96&d=mm&r=g\",\"url\":\"https:\/\/secure.gravatar.com\/avatar\/8ee75523f7481ef61496647441687d71f6c5aa991561b74c6fa88197084df38b?s=96&d=mm&r=g\",\"contentUrl\":\"https:\/\/secure.gravatar.com\/avatar\/8ee75523f7481ef61496647441687d71f6c5aa991561b74c6fa88197084df38b?s=96&d=mm&r=g\",\"caption\":\"admin\"},\"sameAs\":[\"https:\/\/itesloscabos.edu.mx\"],\"url\":\"https:\/\/www.itesloscabos.edu.mx\/inicio\/author\/admin\/\"}]}<\/script>\n<!-- \/ Yoast SEO plugin. -->","yoast_head_json":{"title":"Estudiantes de ITES Los Cabos presentan innovadores proyectos en el evento SER-PRO 2023 - ITES","robots":{"index":"index","follow":"follow","max-snippet":"max-snippet:-1","max-image-preview":"max-image-preview:large","max-video-preview":"max-video-preview:-1"},"canonical":"https:\/\/www.itesloscabos.edu.mx\/inicio\/estudiantes-de-ites-los-cabos-presentan-innovadores-proyectos-en-el-evento-ser-pro-2023\/","og_locale":"es_ES","og_type":"article","og_title":"Estudiantes de ITES Los Cabos presentan innovadores proyectos en el evento SER-PRO 2023 - ITES","og_description":"Estudiantes de ITES Los Cabos presentan innovadores proyectos en el evento SER-PRO 2023 30 de mayo de 2023 En una emocionante jornada, el martes 30 de mayo se llev\u00f3 a cabo el evento SER-PRO 2023 en el marco de la asignatura Innovaci\u00f3n Tecnol\u00f3gica II, en el Instituto Tecnol\u00f3gico de Estudios Superiores de Los Cabos (ITES &hellip; Estudiantes de ITES Los Cabos presentan innovadores proyectos en el evento SER-PRO 2023 Leer m\u00e1s &raquo;","og_url":"https:\/\/www.itesloscabos.edu.mx\/inicio\/estudiantes-de-ites-los-cabos-presentan-innovadores-proyectos-en-el-evento-ser-pro-2023\/","og_site_name":"ITES","article_published_time":"2023-05-31T19:49:39+00:00","article_modified_time":"2023-05-31T19:51:25+00:00","og_image":[{"width":1201,"height":890,"url":"https:\/\/www.itesloscabos.edu.mx\/wp-content\/uploads\/2023\/05\/pro3.png","type":"image\/png"}],"author":"admin","twitter_card":"summary_large_image","twitter_misc":{"Escrito por":"admin","Tiempo de lectura":"2 minutos"},"schema":{"@context":"https:\/\/schema.org","@graph":[{"@type":"Article","@id":"https:\/\/www.itesloscabos.edu.mx\/inicio\/estudiantes-de-ites-los-cabos-presentan-innovadores-proyectos-en-el-evento-ser-pro-2023\/#article","isPartOf":{"@id":"https:\/\/www.itesloscabos.edu.mx\/inicio\/estudiantes-de-ites-los-cabos-presentan-innovadores-proyectos-en-el-evento-ser-pro-2023\/"},"author":{"name":"admin","@id":"https:\/\/www.itesloscabos.edu.mx\/inicio\/#\/schema\/person\/f4303f2fe1ea32120eff74cc146e135f"},"headline":"Estudiantes de ITES Los Cabos presentan innovadores proyectos en el evento SER-PRO 2023","datePublished":"2023-05-31T19:49:39+00:00","dateModified":"2023-05-31T19:51:25+00:00","mainEntityOfPage":{"@id":"https:\/\/www.itesloscabos.edu.mx\/inicio\/estudiantes-de-ites-los-cabos-presentan-innovadores-proyectos-en-el-evento-ser-pro-2023\/"},"wordCount":509,"commentCount":0,"image":{"@id":"https:\/\/www.itesloscabos.edu.mx\/inicio\/estudiantes-de-ites-los-cabos-presentan-innovadores-proyectos-en-el-evento-ser-pro-2023\/#primaryimage"},"thumbnailUrl":"https:\/\/www.itesloscabos.edu.mx\/wp-content\/uploads\/2023\/05\/pro3.png","articleSection":["Blog"],"inLanguage":"es","potentialAction":[{"@type":"CommentAction","name":"Comment","target":["https:\/\/www.itesloscabos.edu.mx\/inicio\/estudiantes-de-ites-los-cabos-presentan-innovadores-proyectos-en-el-evento-ser-pro-2023\/#respond"]}]},{"@type":"WebPage","@id":"https:\/\/www.itesloscabos.edu.mx\/inicio\/estudiantes-de-ites-los-cabos-presentan-innovadores-proyectos-en-el-evento-ser-pro-2023\/","url":"https:\/\/www.itesloscabos.edu.mx\/inicio\/estudiantes-de-ites-los-cabos-presentan-innovadores-proyectos-en-el-evento-ser-pro-2023\/","name":"Estudiantes de ITES Los Cabos presentan innovadores proyectos en el evento SER-PRO 2023 - ITES","isPartOf":{"@id":"https:\/\/www.itesloscabos.edu.mx\/inicio\/#website"},"primaryImageOfPage":{"@id":"https:\/\/www.itesloscabos.edu.mx\/inicio\/estudiantes-de-ites-los-cabos-presentan-innovadores-proyectos-en-el-evento-ser-pro-2023\/#primaryimage"},"image":{"@id":"https:\/\/www.itesloscabos.edu.mx\/inicio\/estudiantes-de-ites-los-cabos-presentan-innovadores-proyectos-en-el-evento-ser-pro-2023\/#primaryimage"},"thumbnailUrl":"https:\/\/www.itesloscabos.edu.mx\/wp-content\/uploads\/2023\/05\/pro3.png","datePublished":"2023-05-31T19:49:39+00:00","dateModified":"2023-05-31T19:51:25+00:00","author":{"@id":"https:\/\/www.itesloscabos.edu.mx\/inicio\/#\/schema\/person\/f4303f2fe1ea32120eff74cc146e135f"},"breadcrumb":{"@id":"https:\/\/www.itesloscabos.edu.mx\/inicio\/estudiantes-de-ites-los-cabos-presentan-innovadores-proyectos-en-el-evento-ser-pro-2023\/#breadcrumb"},"inLanguage":"es","potentialAction":[{"@type":"ReadAction","target":["https:\/\/www.itesloscabos.edu.mx\/inicio\/estudiantes-de-ites-los-cabos-presentan-innovadores-proyectos-en-el-evento-ser-pro-2023\/"]}]},{"@type":"ImageObject","inLanguage":"es","@id":"https:\/\/www.itesloscabos.edu.mx\/inicio\/estudiantes-de-ites-los-cabos-presentan-innovadores-proyectos-en-el-evento-ser-pro-2023\/#primaryimage","url":"https:\/\/www.itesloscabos.edu.mx\/wp-content\/uploads\/2023\/05\/pro3.png","contentUrl":"https:\/\/www.itesloscabos.edu.mx\/wp-content\/uploads\/2023\/05\/pro3.png","width":1201,"height":890},{"@type":"BreadcrumbList","@id":"https:\/\/www.itesloscabos.edu.mx\/inicio\/estudiantes-de-ites-los-cabos-presentan-innovadores-proyectos-en-el-evento-ser-pro-2023\/#breadcrumb","itemListElement":[{"@type":"ListItem","position":1,"name":"Portada","item":"https:\/\/www.itesloscabos.edu.mx\/inicio\/"},{"@type":"ListItem","position":2,"name":"Estudiantes de ITES Los Cabos presentan innovadores proyectos en el evento SER-PRO 2023"}]},{"@type":"WebSite","@id":"https:\/\/www.itesloscabos.edu.mx\/inicio\/#website","url":"https:\/\/www.itesloscabos.edu.mx\/inicio\/","name":"ITES","description":"Los Cabos","potentialAction":[{"@type":"SearchAction","target":{"@type":"EntryPoint","urlTemplate":"https:\/\/www.itesloscabos.edu.mx\/inicio\/?s={search_term_string}"},"query-input":{"@type":"PropertyValueSpecification","valueRequired":true,"valueName":"search_term_string"}}],"inLanguage":"es"},{"@type":"Person","@id":"https:\/\/www.itesloscabos.edu.mx\/inicio\/#\/schema\/person\/f4303f2fe1ea32120eff74cc146e135f","name":"admin","image":{"@type":"ImageObject","inLanguage":"es","@id":"https:\/\/secure.gravatar.com\/avatar\/8ee75523f7481ef61496647441687d71f6c5aa991561b74c6fa88197084df38b?s=96&d=mm&r=g","url":"https:\/\/secure.gravatar.com\/avatar\/8ee75523f7481ef61496647441687d71f6c5aa991561b74c6fa88197084df38b?s=96&d=mm&r=g","contentUrl":"https:\/\/secure.gravatar.com\/avatar\/8ee75523f7481ef61496647441687d71f6c5aa991561b74c6fa88197084df38b?s=96&d=mm&r=g","caption":"admin"},"sameAs":["https:\/\/itesloscabos.edu.mx"],"url":"https:\/\/www.itesloscabos.edu.mx\/inicio\/author\/admin\/"}]}},"views":1295,"blog_post_layout_featured_media_urls":{"thumbnail":["https:\/\/www.itesloscabos.edu.mx\/wp-content\/uploads\/2023\/05\/pro3-150x150.png",150,150,true],"full":["https:\/\/www.itesloscabos.edu.mx\/wp-content\/uploads\/2023\/05\/pro3.png",1201,890,false]},"categories_names":{"1":{"name":"Blog","link":"https:\/\/www.itesloscabos.edu.mx\/inicio\/category\/blog\/"}},"tags_names":[],"comments_number":"0","_links":{"self":[{"href":"https:\/\/www.itesloscabos.edu.mx\/inicio\/wp-json\/wp\/v2\/posts\/2038","targetHints":{"allow":["GET"]}}],"collection":[{"href":"https:\/\/www.itesloscabos.edu.mx\/inicio\/wp-json\/wp\/v2\/posts"}],"about":[{"href":"https:\/\/www.itesloscabos.edu.mx\/inicio\/wp-json\/wp\/v2\/types\/post"}],"author":[{"embeddable":true,"href":"https:\/\/www.itesloscabos.edu.mx\/inicio\/wp-json\/wp\/v2\/users\/1"}],"replies":[{"embeddable":true,"href":"https:\/\/www.itesloscabos.edu.mx\/inicio\/wp-json\/wp\/v2\/comments?post=2038"}],"version-history":[{"count":1,"href":"https:\/\/www.itesloscabos.edu.mx\/inicio\/wp-json\/wp\/v2\/posts\/2038\/revisions"}],"predecessor-version":[{"id":2047,"href":"https:\/\/www.itesloscabos.edu.mx\/inicio\/wp-json\/wp\/v2\/posts\/2038\/revisions\/2047"}],"wp:featuredmedia":[{"embeddable":true,"href":"https:\/\/www.itesloscabos.edu.mx\/inicio\/wp-json\/wp\/v2\/media\/2040"}],"wp:attachment":[{"href":"https:\/\/www.itesloscabos.edu.mx\/inicio\/wp-json\/wp\/v2\/media?parent=2038"}],"wp:term":[{"taxonomy":"category","embeddable":true,"href":"https:\/\/www.itesloscabos.edu.mx\/inicio\/wp-json\/wp\/v2\/categories?post=2038"},{"taxonomy":"post_tag","embeddable":true,"href":"https:\/\/www.itesloscabos.edu.mx\/inicio\/wp-json\/wp\/v2\/tags?post=2038"}],"curies":[{"name":"wp","href":"https:\/\/api.w.org\/{rel}","templated":true}]}}